{"id":4988,"date":"2020-03-17T12:44:59","date_gmt":"2020-03-17T11:44:59","guid":{"rendered":"https:\/\/mallorca-activities.com\/covid-19-information\/"},"modified":"2024-07-22T16:55:03","modified_gmt":"2024-07-22T14:55:03","slug":"covid-19-informations","status":"publish","type":"post","link":"https:\/\/mallorca-activities.com\/fr\/covid-19-informations\/","title":{"rendered":"COVID 19 &#8211; Informations"},"content":{"rendered":"[vc_row type=\u00a0\u00bbin_container\u00a0\u00bb full_screen_row_position=\u00a0\u00bbmiddle\u00a0\u00bb column_margin=\u00a0\u00bbdefault\u00a0\u00bb column_direction=\u00a0\u00bbdefault\u00a0\u00bb column_direction_tablet=\u00a0\u00bbdefault\u00a0\u00bb column_direction_phone=\u00a0\u00bbdefault\u00a0\u00bb scene_position=\u00a0\u00bbcenter\u00a0\u00bb text_color=\u00a0\u00bbdark\u00a0\u00bb text_align=\u00a0\u00bbleft\u00a0\u00bb row_border_radius=\u00a0\u00bbnone\u00a0\u00bb row_border_radius_applies=\u00a0\u00bbbg\u00a0\u00bb overlay_strength=\u00a0\u00bb0.3&Prime; gradient_direction=\u00a0\u00bbleft_to_right\u00a0\u00bb shape_divider_position=\u00a0\u00bbbottom\u00a0\u00bb bg_image_animation=\u00a0\u00bbnone\u00a0\u00bb][vc_column column_padding=\u00a0\u00bbno-extra-padding\u00a0\u00bb column_padding_tablet=\u00a0\u00bbinherit\u00a0\u00bb column_padding_phone=\u00a0\u00bbinherit\u00a0\u00bb column_padding_position=\u00a0\u00bball\u00a0\u00bb background_color_opacity=\u00a0\u00bb1&Prime; background_hover_color_opacity=\u00a0\u00bb1&Prime; column_shadow=\u00a0\u00bbnone\u00a0\u00bb column_border_radius=\u00a0\u00bbnone\u00a0\u00bb column_link_target=\u00a0\u00bb_self\u00a0\u00bb gradient_direction=\u00a0\u00bbleft_to_right\u00a0\u00bb overlay_strength=\u00a0\u00bb0.3&Prime; width=\u00a0\u00bb1\/1&Prime; tablet_width_inherit=\u00a0\u00bbdefault\u00a0\u00bb tablet_text_alignment=\u00a0\u00bbdefault\u00a0\u00bb phone_text_alignment=\u00a0\u00bbdefault\u00a0\u00bb column_border_width=\u00a0\u00bbnone\u00a0\u00bb column_border_style=\u00a0\u00bbsolid\u00a0\u00bb bg_image_animation=\u00a0\u00bbnone\u00a0\u00bb][vc_column_text]\n<p id=\"tw-target-text\" class=\"tw-data-text tw-text-large XcVN5d tw-ta\" dir=\"ltr\" data-placeholder=\"Traduction\"><strong><span lang=\" fr\">Depuis le 14 mars 2021, Majorque n&rsquo;est plus une zone \u00e0 risque et les avertissements aux voyageurs ont \u00e9t\u00e9 lev\u00e9s.<\/span><\/strong><\/p>\n<p id=\"tw-target-text\" class=\"tw-data-text tw-text-large XcVN5d tw-ta\" dir=\"ltr\" data-placeholder=\"Traducci\u00f3n\"><span lang=\"fr\"> En tant qu&rsquo;organisateur dans le domaine du tourisme actif, nous souhaitons vous informer de la situation actuelle \u00e0 Majorque concernant la maladie respiratoire COVID-19, d\u00e9clench\u00e9e par le nouveau coronavirus SARS-CoV-2.<\/span>&lt;\/p &gt; <span lang=\"fr\">Avec le \u00ab\u00a0<a href=\"https:\/\/cerclemallorca.es\/covid-data-balearic-islands\/\">feu tricolore COVID dans les \u00celes Bal\u00e9ares<\/a>\u00ab\u00a0, les r\u00e9sidents et les visiteurs ont acc\u00e8s gratuitement \u00e0 un certain nombre d&rsquo;indicateurs cl\u00e9s tels que le taux d&rsquo;infection, le taux d&rsquo;occupation des unit\u00e9s de soins intensifs, la pr\u00e9valence de la maladie, l&rsquo;\u00e9quipement technologique ou la force du syst\u00e8me de sant\u00e9 des \u00eeles Bal\u00e9ares. Les informations proviennent des bases de donn\u00e9es officielles du minist\u00e8re de la Sant\u00e9, du minist\u00e8re de la Sant\u00e9 du gouvernement et d&rsquo;autres organismes officiels (Institut de sant\u00e9 Carlos III, R\u00e9seau national de surveillance \u00e9pid\u00e9miologique, OMS). <\/span><span lang=\"fr\">Les mesures de protection respectives d\u00e9pendent de ce feu tricolore. Pour les mesures de protection, cliquez simplement <a href=\"http:\/\/illes-balears-cms-publications.s3.eu-west-1.amazonaws.com\/NivellsProteccioCovid\/ProtectiveMeasuresCOVID19.pdf\">ici.<\/a><br \/>\n<\/span><\/p>\n<p>&nbsp;<\/p>\n<p id=\"tw-target-text\" class=\"tw-data-text tw-text-large XcVN5d tw-ta\" dir=\"ltr\" data-placeholder=\"Traduction\"><span lang=\"es\"> Date\u00a0: 01\/06\/2022<\/span><\/p>\n[\/vc_column_text][\/vc_column][\/vc_row]\n","protected":false},"excerpt":{"rendered":"<p>[vc_row type=\u00a0\u00bbin_container\u00a0\u00bb full_screen_row_position=\u00a0\u00bbmiddle\u00a0\u00bb column_margin=\u00a0\u00bbdefault\u00a0\u00bb column_direction=\u00a0\u00bbdefault\u00a0\u00bb column_direction_tablet=\u00a0\u00bbdefault\u00a0\u00bb column_direction_phone=\u00a0\u00bbdefault\u00a0\u00bb scene_position=\u00a0\u00bbcenter\u00a0\u00bb text_color=\u00a0\u00bbdark\u00a0\u00bb text_align=\u00a0\u00bbleft\u00a0\u00bb row_border_radius=\u00a0\u00bbnone\u00a0\u00bb row_border_radius_applies=\u00a0\u00bbbg\u00a0\u00bb overlay_strength=\u00a0\u00bb0.3&Prime; gradient_direction=\u00a0\u00bbleft_to_right\u00a0\u00bb shape_divider_position=\u00a0\u00bbbottom\u00a0\u00bb&#8230;<\/p>\n","protected":false},"author":2,"featured_media":4989,"comment_status":"closed","ping_status":"closed","sticky":false,"template":"","format":"standard","meta":[],"categories":[112],"tags":[],"yoast_head":"<!-- This site is optimized with the Yoast SEO plugin v21.1 - https:\/\/yoast.com\/wordpress\/plugins\/seo\/ -->\n<title>COVID 19 - Informations Mallorca Activities - Cancalation agreemant<\/title>\n<meta name=\"description\" content=\"As an organizer of active tourism, we would like to inform you about the current situation in Mallorca regarding disease COVID-19\" \/>\n<meta name=\"robots\" content=\"index, follow, max-snippet:-1, max-image-preview:large, max-video-preview:-1\" \/>\n<link rel=\"canonical\" href=\"https:\/\/mallorca-activities.com\/fr\/covid-19-informations\/\" \/>\n<meta property=\"og:locale\" content=\"fr_FR\" \/>\n<meta property=\"og:type\" content=\"article\" \/>\n<meta property=\"og:title\" content=\"COVID 19 - Informations Mallorca Activities - Cancalation agreemant\" \/>\n<meta property=\"og:description\" content=\"As an organizer of active tourism, we would like to inform you about the current situation in Mallorca regarding disease COVID-19\" \/>\n<meta property=\"og:url\" content=\"https:\/\/mallorca-activities.com\/fr\/covid-19-informations\/\" \/>\n<meta property=\"og:site_name\" content=\"Mallorca Activities\" \/>\n<meta property=\"article:publisher\" content=\"https:\/\/www.facebook.com\/mallorcactivities33\/\" \/>\n<meta property=\"article:published_time\" content=\"2020-03-17T11:44:59+00:00\" \/>\n<meta property=\"article:modified_time\" content=\"2024-07-22T14:55:03+00:00\" \/>\n<meta property=\"og:image\" content=\"https:\/\/mallorca-activities.com\/wp-content\/uploads\/2020\/11\/COVID-19.jpg\" \/>\n\t<meta property=\"og:image:width\" content=\"2560\" \/>\n\t<meta property=\"og:image:height\" content=\"1810\" \/>\n\t<meta property=\"og:image:type\" content=\"image\/jpeg\" \/>\n<meta name=\"author\" content=\"Hendrik\" \/>\n<meta name=\"twitter:card\" content=\"summary_large_image\" \/>\n<meta name=\"twitter:label1\" content=\"\u00c9crit par\" \/>\n\t<meta name=\"twitter:data1\" content=\"Hendrik\" \/>\n\t<meta name=\"twitter:label2\" content=\"Dur\u00e9e de lecture estim\u00e9e\" \/>\n\t<meta name=\"twitter:data2\" content=\"1 minute\" \/>\n<script type=\"application\/ld+json\" class=\"yoast-schema-graph\">{\"@context\":\"https:\/\/schema.org\",\"@graph\":[{\"@type\":\"Article\",\"@id\":\"https:\/\/mallorca-activities.com\/fr\/covid-19-informations\/#article\",\"isPartOf\":{\"@id\":\"https:\/\/mallorca-activities.com\/fr\/covid-19-informations\/\"},\"author\":{\"name\":\"Hendrik\",\"@id\":\"https:\/\/mallorca-activities.com\/fr\/#\/schema\/person\/363aa4c4fabaad190f54c001d19c951c\"},\"headline\":\"COVID 19 &#8211; Informations\",\"datePublished\":\"2020-03-17T11:44:59+00:00\",\"dateModified\":\"2024-07-22T14:55:03+00:00\",\"mainEntityOfPage\":{\"@id\":\"https:\/\/mallorca-activities.com\/fr\/covid-19-informations\/\"},\"wordCount\":317,\"publisher\":{\"@id\":\"https:\/\/mallorca-activities.com\/fr\/#organization\"},\"articleSection\":[\"Blog\"],\"inLanguage\":\"fr-FR\"},{\"@type\":\"WebPage\",\"@id\":\"https:\/\/mallorca-activities.com\/fr\/covid-19-informations\/\",\"url\":\"https:\/\/mallorca-activities.com\/fr\/covid-19-informations\/\",\"name\":\"COVID 19 - Informations Mallorca Activities - Cancalation agreemant\",\"isPartOf\":{\"@id\":\"https:\/\/mallorca-activities.com\/fr\/#website\"},\"datePublished\":\"2020-03-17T11:44:59+00:00\",\"dateModified\":\"2024-07-22T14:55:03+00:00\",\"description\":\"As an organizer of active tourism, we would like to inform you about the current situation in Mallorca regarding disease COVID-19\",\"breadcrumb\":{\"@id\":\"https:\/\/mallorca-activities.com\/fr\/covid-19-informations\/#breadcrumb\"},\"inLanguage\":\"fr-FR\",\"potentialAction\":[{\"@type\":\"ReadAction\",\"target\":[\"https:\/\/mallorca-activities.com\/fr\/covid-19-informations\/\"]}]},{\"@type\":\"BreadcrumbList\",\"@id\":\"https:\/\/mallorca-activities.com\/fr\/covid-19-informations\/#breadcrumb\",\"itemListElement\":[{\"@type\":\"ListItem\",\"position\":1,\"name\":\"Portada\",\"item\":\"https:\/\/mallorca-activities.com\/fr\/\"},{\"@type\":\"ListItem\",\"position\":2,\"name\":\"COVID 19 &#8211; Informations\"}]},{\"@type\":\"WebSite\",\"@id\":\"https:\/\/mallorca-activities.com\/fr\/#website\",\"url\":\"https:\/\/mallorca-activities.com\/fr\/\",\"name\":\"Mallorca Activities\",\"description\":\"Agencia de Incoming fundada en Mallorca, dedicada al deporte y eventos de aventura; donde puedes disfrutar del deporte individual\",\"publisher\":{\"@id\":\"https:\/\/mallorca-activities.com\/fr\/#organization\"},\"potentialAction\":[{\"@type\":\"SearchAction\",\"target\":{\"@type\":\"EntryPoint\",\"urlTemplate\":\"https:\/\/mallorca-activities.com\/fr\/?s={search_term_string}\"},\"query-input\":\"required name=search_term_string\"}],\"inLanguage\":\"fr-FR\"},{\"@type\":\"Organization\",\"@id\":\"https:\/\/mallorca-activities.com\/fr\/#organization\",\"name\":\"MALLORCA ACTIVITIES\",\"url\":\"https:\/\/mallorca-activities.com\/fr\/\",\"logo\":{\"@type\":\"ImageObject\",\"inLanguage\":\"fr-FR\",\"@id\":\"https:\/\/mallorca-activities.com\/fr\/#\/schema\/logo\/image\/\",\"url\":\"https:\/\/mallorca-activities.com\/wp-content\/uploads\/2020\/09\/cropped-fav-3.png\",\"contentUrl\":\"https:\/\/mallorca-activities.com\/wp-content\/uploads\/2020\/09\/cropped-fav-3.png\",\"width\":512,\"height\":512,\"caption\":\"MALLORCA ACTIVITIES\"},\"image\":{\"@id\":\"https:\/\/mallorca-activities.com\/fr\/#\/schema\/logo\/image\/\"},\"sameAs\":[\"https:\/\/www.facebook.com\/mallorcactivities33\/\"]},{\"@type\":\"Person\",\"@id\":\"https:\/\/mallorca-activities.com\/fr\/#\/schema\/person\/363aa4c4fabaad190f54c001d19c951c\",\"name\":\"Hendrik\",\"image\":{\"@type\":\"ImageObject\",\"inLanguage\":\"fr-FR\",\"@id\":\"https:\/\/mallorca-activities.com\/fr\/#\/schema\/person\/image\/\",\"url\":\"https:\/\/secure.gravatar.com\/avatar\/51e791f6ea50032da685fdc59ce944ff?s=96&d=mm&r=g\",\"contentUrl\":\"https:\/\/secure.gravatar.com\/avatar\/51e791f6ea50032da685fdc59ce944ff?s=96&d=mm&r=g\",\"caption\":\"Hendrik\"},\"url\":\"https:\/\/mallorca-activities.com\/fr\/author\/hendrik\/\"}]}<\/script>\n<!-- \/ Yoast SEO plugin. -->","yoast_head_json":{"title":"COVID 19 - Informations Mallorca Activities - Cancalation agreemant","description":"As an organizer of active tourism, we would like to inform you about the current situation in Mallorca regarding disease COVID-19","robots":{"index":"index","follow":"follow","max-snippet":"max-snippet:-1","max-image-preview":"max-image-preview:large","max-video-preview":"max-video-preview:-1"},"canonical":"https:\/\/mallorca-activities.com\/fr\/covid-19-informations\/","og_locale":"fr_FR","og_type":"article","og_title":"COVID 19 - Informations Mallorca Activities - Cancalation agreemant","og_description":"As an organizer of active tourism, we would like to inform you about the current situation in Mallorca regarding disease COVID-19","og_url":"https:\/\/mallorca-activities.com\/fr\/covid-19-informations\/","og_site_name":"Mallorca Activities","article_publisher":"https:\/\/www.facebook.com\/mallorcactivities33\/","article_published_time":"2020-03-17T11:44:59+00:00","article_modified_time":"2024-07-22T14:55:03+00:00","og_image":[{"width":2560,"height":1810,"url":"https:\/\/mallorca-activities.com\/wp-content\/uploads\/2020\/11\/COVID-19.jpg","type":"image\/jpeg"}],"author":"Hendrik","twitter_card":"summary_large_image","twitter_misc":{"\u00c9crit par":"Hendrik","Dur\u00e9e de lecture estim\u00e9e":"1 minute"},"schema":{"@context":"https:\/\/schema.org","@graph":[{"@type":"Article","@id":"https:\/\/mallorca-activities.com\/fr\/covid-19-informations\/#article","isPartOf":{"@id":"https:\/\/mallorca-activities.com\/fr\/covid-19-informations\/"},"author":{"name":"Hendrik","@id":"https:\/\/mallorca-activities.com\/fr\/#\/schema\/person\/363aa4c4fabaad190f54c001d19c951c"},"headline":"COVID 19 &#8211; Informations","datePublished":"2020-03-17T11:44:59+00:00","dateModified":"2024-07-22T14:55:03+00:00","mainEntityOfPage":{"@id":"https:\/\/mallorca-activities.com\/fr\/covid-19-informations\/"},"wordCount":317,"publisher":{"@id":"https:\/\/mallorca-activities.com\/fr\/#organization"},"articleSection":["Blog"],"inLanguage":"fr-FR"},{"@type":"WebPage","@id":"https:\/\/mallorca-activities.com\/fr\/covid-19-informations\/","url":"https:\/\/mallorca-activities.com\/fr\/covid-19-informations\/","name":"COVID 19 - Informations Mallorca Activities - Cancalation agreemant","isPartOf":{"@id":"https:\/\/mallorca-activities.com\/fr\/#website"},"datePublished":"2020-03-17T11:44:59+00:00","dateModified":"2024-07-22T14:55:03+00:00","description":"As an organizer of active tourism, we would like to inform you about the current situation in Mallorca regarding disease COVID-19","breadcrumb":{"@id":"https:\/\/mallorca-activities.com\/fr\/covid-19-informations\/#breadcrumb"},"inLanguage":"fr-FR","potentialAction":[{"@type":"ReadAction","target":["https:\/\/mallorca-activities.com\/fr\/covid-19-informations\/"]}]},{"@type":"BreadcrumbList","@id":"https:\/\/mallorca-activities.com\/fr\/covid-19-informations\/#breadcrumb","itemListElement":[{"@type":"ListItem","position":1,"name":"Portada","item":"https:\/\/mallorca-activities.com\/fr\/"},{"@type":"ListItem","position":2,"name":"COVID 19 &#8211; Informations"}]},{"@type":"WebSite","@id":"https:\/\/mallorca-activities.com\/fr\/#website","url":"https:\/\/mallorca-activities.com\/fr\/","name":"Mallorca Activities","description":"Agencia de Incoming fundada en Mallorca, dedicada al deporte y eventos de aventura; donde puedes disfrutar del deporte individual","publisher":{"@id":"https:\/\/mallorca-activities.com\/fr\/#organization"},"potentialAction":[{"@type":"SearchAction","target":{"@type":"EntryPoint","urlTemplate":"https:\/\/mallorca-activities.com\/fr\/?s={search_term_string}"},"query-input":"required name=search_term_string"}],"inLanguage":"fr-FR"},{"@type":"Organization","@id":"https:\/\/mallorca-activities.com\/fr\/#organization","name":"MALLORCA ACTIVITIES","url":"https:\/\/mallorca-activities.com\/fr\/","logo":{"@type":"ImageObject","inLanguage":"fr-FR","@id":"https:\/\/mallorca-activities.com\/fr\/#\/schema\/logo\/image\/","url":"https:\/\/mallorca-activities.com\/wp-content\/uploads\/2020\/09\/cropped-fav-3.png","contentUrl":"https:\/\/mallorca-activities.com\/wp-content\/uploads\/2020\/09\/cropped-fav-3.png","width":512,"height":512,"caption":"MALLORCA ACTIVITIES"},"image":{"@id":"https:\/\/mallorca-activities.com\/fr\/#\/schema\/logo\/image\/"},"sameAs":["https:\/\/www.facebook.com\/mallorcactivities33\/"]},{"@type":"Person","@id":"https:\/\/mallorca-activities.com\/fr\/#\/schema\/person\/363aa4c4fabaad190f54c001d19c951c","name":"Hendrik","image":{"@type":"ImageObject","inLanguage":"fr-FR","@id":"https:\/\/mallorca-activities.com\/fr\/#\/schema\/person\/image\/","url":"https:\/\/secure.gravatar.com\/avatar\/51e791f6ea50032da685fdc59ce944ff?s=96&d=mm&r=g","contentUrl":"https:\/\/secure.gravatar.com\/avatar\/51e791f6ea50032da685fdc59ce944ff?s=96&d=mm&r=g","caption":"Hendrik"},"url":"https:\/\/mallorca-activities.com\/fr\/author\/hendrik\/"}]}},"_links":{"self":[{"href":"https:\/\/mallorca-activities.com\/fr\/wp-json\/wp\/v2\/posts\/4988"}],"collection":[{"href":"https:\/\/mallorca-activities.com\/fr\/wp-json\/wp\/v2\/posts"}],"about":[{"href":"https:\/\/mallorca-activities.com\/fr\/wp-json\/wp\/v2\/types\/post"}],"author":[{"embeddable":true,"href":"https:\/\/mallorca-activities.com\/fr\/wp-json\/wp\/v2\/users\/2"}],"replies":[{"embeddable":true,"href":"https:\/\/mallorca-activities.com\/fr\/wp-json\/wp\/v2\/comments?post=4988"}],"version-history":[{"count":1,"href":"https:\/\/mallorca-activities.com\/fr\/wp-json\/wp\/v2\/posts\/4988\/revisions"}],"predecessor-version":[{"id":4990,"href":"https:\/\/mallorca-activities.com\/fr\/wp-json\/wp\/v2\/posts\/4988\/revisions\/4990"}],"wp:featuredmedia":[{"embeddable":true,"href":"https:\/\/mallorca-activities.com\/fr\/wp-json\/wp\/v2\/media\/4989"}],"wp:attachment":[{"href":"https:\/\/mallorca-activities.com\/fr\/wp-json\/wp\/v2\/media?parent=4988"}],"wp:term":[{"taxonomy":"category","embeddable":true,"href":"https:\/\/mallorca-activities.com\/fr\/wp-json\/wp\/v2\/categories?post=4988"},{"taxonomy":"post_tag","embeddable":true,"href":"https:\/\/mallorca-activities.com\/fr\/wp-json\/wp\/v2\/tags?post=4988"}],"curies":[{"name":"wp","href":"https:\/\/api.w.org\/{rel}","templated":true}]}}