{"id":3143,"date":"2021-06-05T14:34:33","date_gmt":"2021-06-05T12:34:33","guid":{"rendered":"https:\/\/mallorca-activities.com\/?p=3143"},"modified":"2024-12-04T12:46:54","modified_gmt":"2024-12-04T11:46:54","slug":"sommer-aktivitaet-kinder-mallorca-2021","status":"publish","type":"post","link":"https:\/\/mallorca-activities.com\/de\/sommer-aktivitaet-kinder-mallorca-2021\/","title":{"rendered":"KINDER SOMMER CAMP MALLORCA 2021"},"content":{"rendered":"[vc_row type=&#8220;in_container&#8220; full_screen_row_position=&#8220;middle&#8220; column_margin=&#8220;default&#8220; column_direction=&#8220;default&#8220; column_direction_tablet=&#8220;default&#8220; column_direction_phone=&#8220;default&#8220; scene_position=&#8220;center&#8220; text_color=&#8220;dark&#8220; text_align=&#8220;left&#8220; row_border_radius=&#8220;none&#8220; row_border_radius_applies=&#8220;bg&#8220; overlay_strength=&#8220;0.3&#8243; gradient_direction=&#8220;left_to_right&#8220; shape_divider_position=&#8220;bottom&#8220; bg_image_animation=&#8220;none&#8220;][vc_column column_padding=&#8220;no-extra-padding&#8220; column_padding_tablet=&#8220;inherit&#8220; column_padding_phone=&#8220;inherit&#8220; column_padding_position=&#8220;all&#8220; background_color_opacity=&#8220;1&#8243; background_hover_color_opacity=&#8220;1&#8243; column_shadow=&#8220;none&#8220; column_border_radius=&#8220;none&#8220; column_link_target=&#8220;_self&#8220; gradient_direction=&#8220;left_to_right&#8220; overlay_strength=&#8220;0.3&#8243; width=&#8220;1\/1&#8243; tablet_width_inherit=&#8220;default&#8220; tablet_text_alignment=&#8220;default&#8220; phone_text_alignment=&#8220;default&#8220; column_border_width=&#8220;none&#8220; column_border_style=&#8220;solid&#8220; bg_image_animation=&#8220;none&#8220;][vc_column_text]\n<h5 dir=\"ltr\" data-placeholder=\"Traducci\u00f3n\">Sommer Camp auf Mallorca f\u00fcr Kinder von 8 &#8211; 16 Jahren<\/h5>\n<p id=\"tw-target-text\" class=\"tw-data-text tw-text-large XcVN5d tw-ta\" dir=\"ltr\" data-placeholder=\"Traducci\u00f3n\"><span class=\"Y2IQFc\" lang=\"de\">Mit der Ankunft des Sommers gibt es viele Eltern, welche nach M\u00f6glichkeiten f\u00fcr ihre Kinder suchen, um ihre Zeit zu verbringen. Damit sie nicht den ganzen Tag vor dem Fernseher sitzen, bieten wir bei <strong>Mallorca Activities<\/strong> unsere Sommercamps an, die beste Option f\u00fcr den Urlaub der Kleinen auf Mallorca. Sport hat viele Vorteile f\u00fcr Kinder und Jugendliche, daher basiert unsere Philosophie darauf, sie von klein auf dazu zu erziehen, Sport in ihren Alltag und ihre Lebensweise zu integrieren. Unsere Sommercamps sind die beste M\u00f6glichkeit f\u00fcr Kinder, Sport zu treiben, Kontakte zu kn\u00fcpfen und vor allem Spa\u00df zu haben. Wenn Sie ein Kinder Sommer Camp auf Mallorca suchen, damit Ihre Kinder ihren Urlaub genie\u00dfen k\u00f6nnen, bieten wir Ihnen bei <strong>Mallorca Activities<\/strong> dieses Jahr 2 verschiedene Gruppen an. Das Multi-Abenteuer f\u00fcr Kinder von 10-16 Jahren und der Campus f\u00fcr Kinder von 8-12 Jahren. Wenn Ihre Kinder das Meer lieben und Abenteuer m\u00f6gen, ist der Sommercampus f\u00fcr Kinder 2021 die ideale Option. Wir haben die besten <a href=\"https:\/\/mallorca-activities.com\/de\/incoming-agentur\/#guias\">Guide&#8217;s<\/a> und Betreuer, damit Kinder den Sport in der Natur genie\u00dfen k\u00f6nnen. <\/span><\/p>\n<p class=\"tw-data-text tw-text-large XcVN5d tw-ta\" dir=\"ltr\" data-placeholder=\"Traducci\u00f3n\"><span class=\"Y2IQFc\" lang=\"de\">F\u00fcr weitere Informationen senden Sie eine E-Mail an: office@mallorca-activities.com oder Whatsapp an: 971 592 347<\/span><\/p>\n<p dir=\"ltr\" data-placeholder=\"Traducci\u00f3n\">Die Aktivit\u00e4ten welche am Meer stattfinden sind abh\u00e4ngig vom aktuellen Seewetter. Die Wettervorhersage kann man <a href=\"https:\/\/www.eltiempo.es\/baleares-costa\/olas\">hier<\/a> nachschauen.<\/p>\n[\/vc_column_text][\/vc_column][\/vc_row][vc_row type=&#8220;in_container&#8220; full_screen_row_position=&#8220;middle&#8220; column_margin=&#8220;default&#8220; column_direction=&#8220;default&#8220; column_direction_tablet=&#8220;default&#8220; column_direction_phone=&#8220;default&#8220; scene_position=&#8220;center&#8220; text_color=&#8220;dark&#8220; text_align=&#8220;left&#8220; row_border_radius=&#8220;none&#8220; row_border_radius_applies=&#8220;bg&#8220; overlay_strength=&#8220;0.3&#8243; gradient_direction=&#8220;left_to_right&#8220; shape_divider_position=&#8220;bottom&#8220; bg_image_animation=&#8220;none&#8220;][vc_column column_padding=&#8220;no-extra-padding&#8220; column_padding_tablet=&#8220;inherit&#8220; column_padding_phone=&#8220;inherit&#8220; column_padding_position=&#8220;all&#8220; background_color_opacity=&#8220;1&#8243; background_hover_color_opacity=&#8220;1&#8243; column_shadow=&#8220;none&#8220; column_border_radius=&#8220;none&#8220; column_link_target=&#8220;_self&#8220; gradient_direction=&#8220;left_to_right&#8220; overlay_strength=&#8220;0.3&#8243; width=&#8220;1\/2&#8243; tablet_width_inherit=&#8220;default&#8220; tablet_text_alignment=&#8220;default&#8220; phone_text_alignment=&#8220;default&#8220; column_border_width=&#8220;none&#8220; column_border_style=&#8220;solid&#8220; bg_image_animation=&#8220;none&#8220;][vc_column_text]\n<h5><strong>Programm Multiadventure 10 \u2013 16\u00a0 Jahre<br \/>\n<\/strong><\/h5>\n<p><strong>Montag:<\/strong> Kayak in Cala San Vicent<\/p>\n<p><strong>Dienstag:<\/strong> Kletterkurs f\u00fcr Einsteiger<\/p>\n<p><strong>Mittwoch:<\/strong> Coastering mit Klettersteig<\/p>\n<p><strong>Donnerstag:<\/strong> Seeh\u00f6hle &#8222;Des Coloms&#8220;<\/p>\n<p><strong>Freitag:<\/strong> Coastering mit Zippline und Schnellboot<\/p>\n<p>&nbsp;<\/p>\n<p><strong>Preis:<\/strong> 175\u20ac \/ Kind<\/p>\n<p>*Inklusive Transfers von Alar\u00f3, Santa Maria del Cam\u00ed oder Binissalem bis\/von der Aktivit\u00e4t.<\/p>\n<p><strong>Zeit:<\/strong> 09:00 \u2013 14:00\u00a0\u00a0\u00a0\u00a0\u00a0\u00a0\u00a0\u00a0\u00a0\u00a0\u00a0\u00a0\u00a0\u00a0 <strong>Freie Pl\u00e4tze<\/strong><\/p>\n<p><strong>28.06. \u2013 02.07.\u00a0\u00a0\u00a0\u00a0\u00a0\u00a0\u00a0\u00a0\u00a0\u00a0\u00a0\u00a0\u00a0\u00a0\u00a0\u00a0\u00a0\u00a0\u00a0\u00a0\u00a0\u00a0\u00a0\u00a0\u00a0 0<br \/>\n<\/strong><\/p>\n<p><strong>05.07. \u2013 09.07.\u00a0\u00a0\u00a0\u00a0\u00a0\u00a0\u00a0\u00a0\u00a0\u00a0\u00a0\u00a0\u00a0\u00a0\u00a0\u00a0\u00a0\u00a0\u00a0\u00a0\u00a0\u00a0\u00a0\u00a0\u00a0 1<br \/>\n<\/strong><\/p>\n<p><strong>12.07. \u2013 16.07.\u00a0\u00a0\u00a0\u00a0\u00a0\u00a0\u00a0\u00a0\u00a0\u00a0\u00a0\u00a0\u00a0\u00a0\u00a0\u00a0\u00a0\u00a0\u00a0\u00a0\u00a0\u00a0\u00a0\u00a0\u00a0\u00a0 auf Anfrage<br \/>\n<\/strong><\/p>\n<p><strong>19.07. \u2013 23.07.\u00a0\u00a0\u00a0\u00a0\u00a0\u00a0\u00a0\u00a0\u00a0\u00a0\u00a0\u00a0\u00a0\u00a0\u00a0\u00a0\u00a0\u00a0\u00a0\u00a0\u00a0\u00a0\u00a0\u00a0\u00a0 auf Anfrage<br \/>\n<\/strong><\/p>\n<p><strong>26.07. \u2013 30.07.\u00a0\u00a0\u00a0\u00a0\u00a0\u00a0\u00a0\u00a0\u00a0\u00a0\u00a0\u00a0\u00a0\u00a0\u00a0\u00a0\u00a0\u00a0\u00a0\u00a0\u00a0\u00a0\u00a0 0<br \/>\n<\/strong><\/p>\n<p><strong>02.08.-06.08.\u00a0\u00a0\u00a0\u00a0\u00a0\u00a0\u00a0\u00a0\u00a0\u00a0\u00a0\u00a0\u00a0\u00a0\u00a0\u00a0\u00a0\u00a0\u00a0\u00a0\u00a0\u00a0\u00a0\u00a0\u00a0 auf Anfrage<br \/>\n<\/strong><\/p>\n<p><strong>\u00a009.08. \u2013 13.08.\u00a0\u00a0\u00a0\u00a0\u00a0\u00a0\u00a0\u00a0\u00a0\u00a0\u00a0\u00a0\u00a0\u00a0\u00a0\u00a0\u00a0\u00a0\u00a0\u00a0\u00a0 0<br \/>\n<\/strong><\/p>\n<p><strong>\u00a016.08. \u2013 20.08.\u00a0\u00a0\u00a0\u00a0\u00a0\u00a0\u00a0\u00a0\u00a0\u00a0\u00a0\u00a0\u00a0\u00a0\u00a0\u00a0\u00a0\u00a0\u00a0\u00a0\u00a0 0<br \/>\n<\/strong><\/p>\n<p><strong>\u00a023.08. \u2013 27.08.\u00a0\u00a0\u00a0\u00a0\u00a0\u00a0\u00a0\u00a0\u00a0\u00a0\u00a0\u00a0\u00a0\u00a0\u00a0\u00a0\u00a0\u00a0\u00a0\u00a0\u00a0 3<br \/>\n<\/strong>[\/vc_column_text][\/vc_column][vc_column column_padding=&#8220;no-extra-padding&#8220; column_padding_tablet=&#8220;inherit&#8220; column_padding_phone=&#8220;inherit&#8220; column_padding_position=&#8220;all&#8220; background_color_opacity=&#8220;1&#8243; background_hover_color_opacity=&#8220;1&#8243; column_shadow=&#8220;none&#8220; column_border_radius=&#8220;none&#8220; column_link_target=&#8220;_self&#8220; gradient_direction=&#8220;left_to_right&#8220; overlay_strength=&#8220;0.3&#8243; width=&#8220;1\/2&#8243; tablet_width_inherit=&#8220;default&#8220; tablet_text_alignment=&#8220;default&#8220; phone_text_alignment=&#8220;default&#8220; column_border_width=&#8220;none&#8220; column_border_style=&#8220;solid&#8220; bg_image_animation=&#8220;none&#8220;][vc_column_text]\n<h5><strong>Programm Multiadventure 8 &#8211; 12\u00a0 Jahre<br \/>\n<\/strong><\/h5>\n<p><strong>Montag:<\/strong> Kayak, SUP, verschieden Wasserspiele<\/p>\n<p><strong>Dienstag:<\/strong> Snorkeling Cala Deia<\/p>\n<p><strong>Mittwoch:<\/strong> Wanderung Cala Boquer\/Bootsfahrt in &#8222;Blaue H\u00f6hle&#8220;<\/p>\n<p><strong>Donnerstag:<\/strong> Kletterkurs<\/p>\n<p><strong>Freitag:<\/strong> Coastering mit Slack &#8211; Line<\/p>\n<p>&nbsp;<\/p>\n<p><strong>Preis:<\/strong> 175\u20ac \/ Kind<\/p>\n<p>*Inklusive Transfer von Alar\u00f3, Santa Maria del Cam\u00ed und Binissalem bis\/von der Aktivit\u00e4t.<\/p>\n<p><strong>Zeit:<\/strong> 09:00 &#8211; 14:00\u00a0\u00a0\u00a0\u00a0\u00a0\u00a0\u00a0\u00a0\u00a0\u00a0 <strong>Freie Pl\u00e4tze<\/strong><\/p>\n<p><strong>28.06. &#8211; 02.07.\u00a0\u00a0\u00a0\u00a0\u00a0\u00a0\u00a0\u00a0\u00a0\u00a0\u00a0\u00a0\u00a0\u00a0\u00a0\u00a0\u00a0\u00a0\u00a0\u00a0\u00a0\u00a0\u00a0 0<br \/>\n<\/strong><\/p>\n<p><strong>05.07. &#8211; 09.07.\u00a0\u00a0\u00a0\u00a0\u00a0\u00a0\u00a0\u00a0\u00a0\u00a0\u00a0\u00a0\u00a0\u00a0\u00a0\u00a0\u00a0\u00a0\u00a0\u00a0\u00a0\u00a0\u00a0 0<br \/>\n<\/strong><\/p>\n<p><strong>12.07. &#8211; 16.07.\u00a0\u00a0\u00a0\u00a0\u00a0\u00a0\u00a0\u00a0\u00a0\u00a0\u00a0\u00a0\u00a0\u00a0\u00a0\u00a0\u00a0\u00a0\u00a0\u00a0\u00a0\u00a0\u00a0\u00a0 0<br \/>\n<\/strong><\/p>\n<p><strong>19.07. &#8211; 23.07.\u00a0\u00a0\u00a0\u00a0\u00a0\u00a0\u00a0\u00a0\u00a0\u00a0\u00a0\u00a0\u00a0\u00a0\u00a0\u00a0\u00a0\u00a0\u00a0\u00a0\u00a0\u00a0\u00a0 4<br \/>\n<\/strong><\/p>\n<p><strong>26.07. &#8211; 30.07.\u00a0\u00a0\u00a0\u00a0\u00a0\u00a0\u00a0\u00a0\u00a0\u00a0\u00a0\u00a0\u00a0\u00a0\u00a0\u00a0\u00a0\u00a0\u00a0\u00a0\u00a0\u00a0 auf Anfrage<br \/>\n<\/strong><\/p>\n<p><strong>02.08.-06.08.\u00a0\u00a0\u00a0\u00a0\u00a0\u00a0\u00a0\u00a0\u00a0\u00a0\u00a0\u00a0\u00a0\u00a0\u00a0\u00a0\u00a0\u00a0\u00a0\u00a0\u00a0\u00a0 0<br \/>\n<\/strong><\/p>\n<p><strong>09.08. &#8211; 13.08.\u00a0\u00a0\u00a0\u00a0\u00a0\u00a0\u00a0 \u00a0 \u00a0 \u00a0 \u00a0 \u00a0 \u00a0 \u00a0 1<br \/>\n<\/strong><\/p>\n<p><strong>16.08. &#8211; 20.08.\u00a0\u00a0\u00a0\u00a0\u00a0\u00a0\u00a0\u00a0\u00a0\u00a0\u00a0\u00a0\u00a0\u00a0\u00a0\u00a0\u00a0\u00a0\u00a0\u00a0\u00a0 auf Anfrage<br \/>\n<\/strong><\/p>\n<p><strong>23.08. &#8211; 27.08.\u00a0\u00a0\u00a0\u00a0\u00a0\u00a0\u00a0\u00a0\u00a0\u00a0\u00a0\u00a0\u00a0\u00a0\u00a0\u00a0\u00a0\u00a0\u00a0\u00a0\u00a0 auf Anfrage<br \/>\n<\/strong>[\/vc_column_text][\/vc_column][\/vc_row][vc_row type=&#8220;in_container&#8220; full_screen_row_position=&#8220;middle&#8220; column_margin=&#8220;default&#8220; column_direction=&#8220;default&#8220; column_direction_tablet=&#8220;default&#8220; column_direction_phone=&#8220;default&#8220; scene_position=&#8220;center&#8220; text_color=&#8220;dark&#8220; text_align=&#8220;left&#8220; row_border_radius=&#8220;none&#8220; row_border_radius_applies=&#8220;bg&#8220; overlay_strength=&#8220;0.3&#8243; gradient_direction=&#8220;left_to_right&#8220; shape_divider_position=&#8220;bottom&#8220; bg_image_animation=&#8220;none&#8220;][vc_column column_padding=&#8220;no-extra-padding&#8220; column_padding_tablet=&#8220;inherit&#8220; column_padding_phone=&#8220;inherit&#8220; column_padding_position=&#8220;all&#8220; background_color_opacity=&#8220;1&#8243; background_hover_color_opacity=&#8220;1&#8243; column_shadow=&#8220;none&#8220; column_border_radius=&#8220;none&#8220; column_link_target=&#8220;_self&#8220; gradient_direction=&#8220;left_to_right&#8220; overlay_strength=&#8220;0.3&#8243; width=&#8220;1\/1&#8243; tablet_width_inherit=&#8220;default&#8220; tablet_text_alignment=&#8220;default&#8220; phone_text_alignment=&#8220;default&#8220; column_border_width=&#8220;none&#8220; column_border_style=&#8220;solid&#8220; bg_image_animation=&#8220;none&#8220;][vc_gallery type=&#8220;parallax_image_grid&#8220; images=&#8220;3089,2911,2914,676,660,662,664,674&#8243;][\/vc_column][\/vc_row]\n","protected":false},"excerpt":{"rendered":"<p>[vc_row type=&#8220;in_container&#8220; full_screen_row_position=&#8220;middle&#8220; column_margin=&#8220;default&#8220; column_direction=&#8220;default&#8220; column_direction_tablet=&#8220;default&#8220; column_direction_phone=&#8220;default&#8220; scene_position=&#8220;center&#8220; text_color=&#8220;dark&#8220; text_align=&#8220;left&#8220; row_border_radius=&#8220;none&#8220; row_border_radius_applies=&#8220;bg&#8220; overlay_strength=&#8220;0.3&#8243; gradient_direction=&#8220;left_to_right&#8220; shape_divider_position=&#8220;bottom&#8220;&#8230;<\/p>\n","protected":false},"author":2,"featured_media":3101,"comment_status":"closed","ping_status":"closed","sticky":false,"template":"","format":"standard","meta":[],"categories":[],"tags":[],"yoast_head":"<!-- This site is optimized with the Yoast SEO plugin v21.1 - https:\/\/yoast.com\/wordpress\/plugins\/seo\/ -->\n<title>Kinder Sommer Camp Mallorca 2021 - Mallorca Activities<\/title>\n<meta name=\"description\" content=\"Kinder Sommer Camp Mallorca f\u00fcr Kinder von 8 - 16 Jahre, mit 2 verschieden Wochenprogrammen. Kayak, Coastering, Snorkeling und Kletterkurs\" \/>\n<meta name=\"robots\" content=\"index, follow, max-snippet:-1, max-image-preview:large, max-video-preview:-1\" \/>\n<link rel=\"canonical\" href=\"https:\/\/mallorca-activities.com\/de\/sommer-aktivitaet-kinder-mallorca-2021\/\" \/>\n<meta property=\"og:locale\" content=\"de_DE\" \/>\n<meta property=\"og:type\" content=\"article\" \/>\n<meta property=\"og:title\" content=\"Kinder Sommer Camp Mallorca 2021 - Mallorca Activities\" \/>\n<meta property=\"og:description\" content=\"Kinder Sommer Camp Mallorca f\u00fcr Kinder von 8 - 16 Jahre, mit 2 verschieden Wochenprogrammen. Kayak, Coastering, Snorkeling und Kletterkurs\" \/>\n<meta property=\"og:url\" content=\"https:\/\/mallorca-activities.com\/de\/sommer-aktivitaet-kinder-mallorca-2021\/\" \/>\n<meta property=\"og:site_name\" content=\"Mallorca Activities\" \/>\n<meta property=\"article:publisher\" content=\"https:\/\/www.facebook.com\/mallorcactivities33\/\" \/>\n<meta property=\"article:published_time\" content=\"2021-06-05T12:34:33+00:00\" \/>\n<meta property=\"article:modified_time\" content=\"2024-12-04T11:46:54+00:00\" \/>\n<meta property=\"og:image\" content=\"https:\/\/mallorca-activities.com\/wp-content\/uploads\/2021\/05\/Campus-.jpg\" \/>\n\t<meta property=\"og:image:width\" content=\"425\" \/>\n\t<meta property=\"og:image:height\" content=\"588\" \/>\n\t<meta property=\"og:image:type\" content=\"image\/jpeg\" \/>\n<meta name=\"author\" content=\"Hendrik\" \/>\n<meta name=\"twitter:card\" content=\"summary_large_image\" \/>\n<meta name=\"twitter:label1\" content=\"Verfasst von\" \/>\n\t<meta name=\"twitter:data1\" content=\"Hendrik\" \/>\n\t<meta name=\"twitter:label2\" content=\"Gesch\u00e4tzte Lesezeit\" \/>\n\t<meta name=\"twitter:data2\" content=\"3\u00a0Minuten\" \/>\n<script type=\"application\/ld+json\" class=\"yoast-schema-graph\">{\"@context\":\"https:\/\/schema.org\",\"@graph\":[{\"@type\":\"Article\",\"@id\":\"https:\/\/mallorca-activities.com\/de\/sommer-aktivitaet-kinder-mallorca-2021\/#article\",\"isPartOf\":{\"@id\":\"https:\/\/mallorca-activities.com\/de\/sommer-aktivitaet-kinder-mallorca-2021\/\"},\"author\":{\"name\":\"Hendrik\",\"@id\":\"https:\/\/mallorca-activities.com\/de\/#\/schema\/person\/363aa4c4fabaad190f54c001d19c951c\"},\"headline\":\"KINDER SOMMER CAMP MALLORCA 2021\",\"datePublished\":\"2021-06-05T12:34:33+00:00\",\"dateModified\":\"2024-12-04T11:46:54+00:00\",\"mainEntityOfPage\":{\"@id\":\"https:\/\/mallorca-activities.com\/de\/sommer-aktivitaet-kinder-mallorca-2021\/\"},\"wordCount\":841,\"publisher\":{\"@id\":\"https:\/\/mallorca-activities.com\/de\/#organization\"},\"inLanguage\":\"de\"},{\"@type\":\"WebPage\",\"@id\":\"https:\/\/mallorca-activities.com\/de\/sommer-aktivitaet-kinder-mallorca-2021\/\",\"url\":\"https:\/\/mallorca-activities.com\/de\/sommer-aktivitaet-kinder-mallorca-2021\/\",\"name\":\"Kinder Sommer Camp Mallorca 2021 - Mallorca Activities\",\"isPartOf\":{\"@id\":\"https:\/\/mallorca-activities.com\/de\/#website\"},\"datePublished\":\"2021-06-05T12:34:33+00:00\",\"dateModified\":\"2024-12-04T11:46:54+00:00\",\"description\":\"Kinder Sommer Camp Mallorca f\u00fcr Kinder von 8 - 16 Jahre, mit 2 verschieden Wochenprogrammen. Kayak, Coastering, Snorkeling und Kletterkurs\",\"breadcrumb\":{\"@id\":\"https:\/\/mallorca-activities.com\/de\/sommer-aktivitaet-kinder-mallorca-2021\/#breadcrumb\"},\"inLanguage\":\"de\",\"potentialAction\":[{\"@type\":\"ReadAction\",\"target\":[\"https:\/\/mallorca-activities.com\/de\/sommer-aktivitaet-kinder-mallorca-2021\/\"]}]},{\"@type\":\"BreadcrumbList\",\"@id\":\"https:\/\/mallorca-activities.com\/de\/sommer-aktivitaet-kinder-mallorca-2021\/#breadcrumb\",\"itemListElement\":[{\"@type\":\"ListItem\",\"position\":1,\"name\":\"Portada\",\"item\":\"https:\/\/mallorca-activities.com\/de\/\"},{\"@type\":\"ListItem\",\"position\":2,\"name\":\"KINDER SOMMER CAMP MALLORCA 2021\"}]},{\"@type\":\"WebSite\",\"@id\":\"https:\/\/mallorca-activities.com\/de\/#website\",\"url\":\"https:\/\/mallorca-activities.com\/de\/\",\"name\":\"Mallorca Activities\",\"description\":\"Agencia de Incoming fundada en Mallorca, dedicada al deporte y eventos de aventura; donde puedes disfrutar del deporte individual\",\"publisher\":{\"@id\":\"https:\/\/mallorca-activities.com\/de\/#organization\"},\"potentialAction\":[{\"@type\":\"SearchAction\",\"target\":{\"@type\":\"EntryPoint\",\"urlTemplate\":\"https:\/\/mallorca-activities.com\/de\/?s={search_term_string}\"},\"query-input\":\"required name=search_term_string\"}],\"inLanguage\":\"de\"},{\"@type\":\"Organization\",\"@id\":\"https:\/\/mallorca-activities.com\/de\/#organization\",\"name\":\"MALLORCA ACTIVITIES\",\"url\":\"https:\/\/mallorca-activities.com\/de\/\",\"logo\":{\"@type\":\"ImageObject\",\"inLanguage\":\"de\",\"@id\":\"https:\/\/mallorca-activities.com\/de\/#\/schema\/logo\/image\/\",\"url\":\"https:\/\/mallorca-activities.com\/wp-content\/uploads\/2020\/09\/cropped-fav-3.png\",\"contentUrl\":\"https:\/\/mallorca-activities.com\/wp-content\/uploads\/2020\/09\/cropped-fav-3.png\",\"width\":512,\"height\":512,\"caption\":\"MALLORCA ACTIVITIES\"},\"image\":{\"@id\":\"https:\/\/mallorca-activities.com\/de\/#\/schema\/logo\/image\/\"},\"sameAs\":[\"https:\/\/www.facebook.com\/mallorcactivities33\/\"]},{\"@type\":\"Person\",\"@id\":\"https:\/\/mallorca-activities.com\/de\/#\/schema\/person\/363aa4c4fabaad190f54c001d19c951c\",\"name\":\"Hendrik\",\"image\":{\"@type\":\"ImageObject\",\"inLanguage\":\"de\",\"@id\":\"https:\/\/mallorca-activities.com\/de\/#\/schema\/person\/image\/\",\"url\":\"https:\/\/secure.gravatar.com\/avatar\/51e791f6ea50032da685fdc59ce944ff?s=96&d=mm&r=g\",\"contentUrl\":\"https:\/\/secure.gravatar.com\/avatar\/51e791f6ea50032da685fdc59ce944ff?s=96&d=mm&r=g\",\"caption\":\"Hendrik\"},\"url\":\"https:\/\/mallorca-activities.com\/de\/author\/hendrik\/\"}]}<\/script>\n<!-- \/ Yoast SEO plugin. -->","yoast_head_json":{"title":"Kinder Sommer Camp Mallorca 2021 - Mallorca Activities","description":"Kinder Sommer Camp Mallorca f\u00fcr Kinder von 8 - 16 Jahre, mit 2 verschieden Wochenprogrammen. Kayak, Coastering, Snorkeling und Kletterkurs","robots":{"index":"index","follow":"follow","max-snippet":"max-snippet:-1","max-image-preview":"max-image-preview:large","max-video-preview":"max-video-preview:-1"},"canonical":"https:\/\/mallorca-activities.com\/de\/sommer-aktivitaet-kinder-mallorca-2021\/","og_locale":"de_DE","og_type":"article","og_title":"Kinder Sommer Camp Mallorca 2021 - Mallorca Activities","og_description":"Kinder Sommer Camp Mallorca f\u00fcr Kinder von 8 - 16 Jahre, mit 2 verschieden Wochenprogrammen. Kayak, Coastering, Snorkeling und Kletterkurs","og_url":"https:\/\/mallorca-activities.com\/de\/sommer-aktivitaet-kinder-mallorca-2021\/","og_site_name":"Mallorca Activities","article_publisher":"https:\/\/www.facebook.com\/mallorcactivities33\/","article_published_time":"2021-06-05T12:34:33+00:00","article_modified_time":"2024-12-04T11:46:54+00:00","og_image":[{"width":425,"height":588,"url":"https:\/\/mallorca-activities.com\/wp-content\/uploads\/2021\/05\/Campus-.jpg","type":"image\/jpeg"}],"author":"Hendrik","twitter_card":"summary_large_image","twitter_misc":{"Verfasst von":"Hendrik","Gesch\u00e4tzte Lesezeit":"3\u00a0Minuten"},"schema":{"@context":"https:\/\/schema.org","@graph":[{"@type":"Article","@id":"https:\/\/mallorca-activities.com\/de\/sommer-aktivitaet-kinder-mallorca-2021\/#article","isPartOf":{"@id":"https:\/\/mallorca-activities.com\/de\/sommer-aktivitaet-kinder-mallorca-2021\/"},"author":{"name":"Hendrik","@id":"https:\/\/mallorca-activities.com\/de\/#\/schema\/person\/363aa4c4fabaad190f54c001d19c951c"},"headline":"KINDER SOMMER CAMP MALLORCA 2021","datePublished":"2021-06-05T12:34:33+00:00","dateModified":"2024-12-04T11:46:54+00:00","mainEntityOfPage":{"@id":"https:\/\/mallorca-activities.com\/de\/sommer-aktivitaet-kinder-mallorca-2021\/"},"wordCount":841,"publisher":{"@id":"https:\/\/mallorca-activities.com\/de\/#organization"},"inLanguage":"de"},{"@type":"WebPage","@id":"https:\/\/mallorca-activities.com\/de\/sommer-aktivitaet-kinder-mallorca-2021\/","url":"https:\/\/mallorca-activities.com\/de\/sommer-aktivitaet-kinder-mallorca-2021\/","name":"Kinder Sommer Camp Mallorca 2021 - Mallorca Activities","isPartOf":{"@id":"https:\/\/mallorca-activities.com\/de\/#website"},"datePublished":"2021-06-05T12:34:33+00:00","dateModified":"2024-12-04T11:46:54+00:00","description":"Kinder Sommer Camp Mallorca f\u00fcr Kinder von 8 - 16 Jahre, mit 2 verschieden Wochenprogrammen. Kayak, Coastering, Snorkeling und Kletterkurs","breadcrumb":{"@id":"https:\/\/mallorca-activities.com\/de\/sommer-aktivitaet-kinder-mallorca-2021\/#breadcrumb"},"inLanguage":"de","potentialAction":[{"@type":"ReadAction","target":["https:\/\/mallorca-activities.com\/de\/sommer-aktivitaet-kinder-mallorca-2021\/"]}]},{"@type":"BreadcrumbList","@id":"https:\/\/mallorca-activities.com\/de\/sommer-aktivitaet-kinder-mallorca-2021\/#breadcrumb","itemListElement":[{"@type":"ListItem","position":1,"name":"Portada","item":"https:\/\/mallorca-activities.com\/de\/"},{"@type":"ListItem","position":2,"name":"KINDER SOMMER CAMP MALLORCA 2021"}]},{"@type":"WebSite","@id":"https:\/\/mallorca-activities.com\/de\/#website","url":"https:\/\/mallorca-activities.com\/de\/","name":"Mallorca Activities","description":"Agencia de Incoming fundada en Mallorca, dedicada al deporte y eventos de aventura; donde puedes disfrutar del deporte individual","publisher":{"@id":"https:\/\/mallorca-activities.com\/de\/#organization"},"potentialAction":[{"@type":"SearchAction","target":{"@type":"EntryPoint","urlTemplate":"https:\/\/mallorca-activities.com\/de\/?s={search_term_string}"},"query-input":"required name=search_term_string"}],"inLanguage":"de"},{"@type":"Organization","@id":"https:\/\/mallorca-activities.com\/de\/#organization","name":"MALLORCA ACTIVITIES","url":"https:\/\/mallorca-activities.com\/de\/","logo":{"@type":"ImageObject","inLanguage":"de","@id":"https:\/\/mallorca-activities.com\/de\/#\/schema\/logo\/image\/","url":"https:\/\/mallorca-activities.com\/wp-content\/uploads\/2020\/09\/cropped-fav-3.png","contentUrl":"https:\/\/mallorca-activities.com\/wp-content\/uploads\/2020\/09\/cropped-fav-3.png","width":512,"height":512,"caption":"MALLORCA ACTIVITIES"},"image":{"@id":"https:\/\/mallorca-activities.com\/de\/#\/schema\/logo\/image\/"},"sameAs":["https:\/\/www.facebook.com\/mallorcactivities33\/"]},{"@type":"Person","@id":"https:\/\/mallorca-activities.com\/de\/#\/schema\/person\/363aa4c4fabaad190f54c001d19c951c","name":"Hendrik","image":{"@type":"ImageObject","inLanguage":"de","@id":"https:\/\/mallorca-activities.com\/de\/#\/schema\/person\/image\/","url":"https:\/\/secure.gravatar.com\/avatar\/51e791f6ea50032da685fdc59ce944ff?s=96&d=mm&r=g","contentUrl":"https:\/\/secure.gravatar.com\/avatar\/51e791f6ea50032da685fdc59ce944ff?s=96&d=mm&r=g","caption":"Hendrik"},"url":"https:\/\/mallorca-activities.com\/de\/author\/hendrik\/"}]}},"_links":{"self":[{"href":"https:\/\/mallorca-activities.com\/de\/wp-json\/wp\/v2\/posts\/3143"}],"collection":[{"href":"https:\/\/mallorca-activities.com\/de\/wp-json\/wp\/v2\/posts"}],"about":[{"href":"https:\/\/mallorca-activities.com\/de\/wp-json\/wp\/v2\/types\/post"}],"author":[{"embeddable":true,"href":"https:\/\/mallorca-activities.com\/de\/wp-json\/wp\/v2\/users\/2"}],"replies":[{"embeddable":true,"href":"https:\/\/mallorca-activities.com\/de\/wp-json\/wp\/v2\/comments?post=3143"}],"version-history":[{"count":18,"href":"https:\/\/mallorca-activities.com\/de\/wp-json\/wp\/v2\/posts\/3143\/revisions"}],"predecessor-version":[{"id":5570,"href":"https:\/\/mallorca-activities.com\/de\/wp-json\/wp\/v2\/posts\/3143\/revisions\/5570"}],"wp:featuredmedia":[{"embeddable":true,"href":"https:\/\/mallorca-activities.com\/de\/wp-json\/wp\/v2\/media\/3101"}],"wp:attachment":[{"href":"https:\/\/mallorca-activities.com\/de\/wp-json\/wp\/v2\/media?parent=3143"}],"wp:term":[{"taxonomy":"category","embeddable":true,"href":"https:\/\/mallorca-activities.com\/de\/wp-json\/wp\/v2\/categories?post=3143"},{"taxonomy":"post_tag","embeddable":true,"href":"https:\/\/mallorca-activities.com\/de\/wp-json\/wp\/v2\/tags?post=3143"}],"curies":[{"name":"wp","href":"https:\/\/api.w.org\/{rel}","templated":true}]}}